


{"id":2988,"date":"2025-10-22T18:16:49","date_gmt":"2025-10-22T16:16:49","guid":{"rendered":"https:\/\/www.lrf.fr\/fr\/?p=2988"},"modified":"2025-10-22T18:18:53","modified_gmt":"2025-10-22T16:18:53","slug":"withdrawal-of-frances-occasional-tax-representation-regime-prepare-for-compliance-before-2026","status":"publish","type":"post","link":"https:\/\/www.lrf.fr\/fr\/2025\/10\/22\/suppression-du-regime-de-representation-fiscale-ponctuelle-une-reforme-a-anticiper-avant-2026\/","title":{"rendered":"Suppression du r\u00e9gime de repr\u00e9sentation fiscale ponctuelle : une r\u00e9forme \u00e0 anticiper avant 2026"},"content":{"rendered":"<p><\/p>\n<p data-start=\"2882\" data-end=\"3210\">Le dispositif de <strong data-start=\"2899\" data-end=\"2936\">repr\u00e9sentation fiscale ponctuelle<\/strong>, pr\u00e9vu par l\u2019article 289 A III du CGI, prendra fin le <strong data-start=\"2991\" data-end=\"3011\">31 d\u00e9cembre 2025<\/strong>. \u00c0 partir du <strong data-start=\"3025\" data-end=\"3045\">1er janvier 2026<\/strong>, les entreprises <strong data-start=\"3063\" data-end=\"3103\">non \u00e9tablies dans l\u2019Union europ\u00e9enne<\/strong> ne pourront plus recourir \u00e0 ce m\u00e9canisme pour leurs op\u00e9rations r\u00e9alis\u00e9es sous le <strong data-start=\"3185\" data-end=\"3207\">r\u00e9gime douanier 42<\/strong>.<\/p>\n<p data-start=\"3212\" data-end=\"3345\">Cette suppression s\u2019inscrit dans une d\u00e9marche d\u2019harmonisation europ\u00e9enne et vise \u00e0 renforcer le contr\u00f4le des flux transfrontaliers.<!--more--><\/p>\n<h4 data-start=\"3347\" data-end=\"3376\">Cons\u00e9quences pratiques<\/h4>\n<p data-start=\"3377\" data-end=\"3436\">Les importateurs extra-communautaires devront d\u00e9sormais :<\/p>\n<ul data-start=\"3437\" data-end=\"3676\">\n<li data-start=\"3437\" data-end=\"3507\">\n<p data-start=\"3439\" data-end=\"3507\">\u00catre <strong data-start=\"3444\" data-end=\"3479\">immatricul\u00e9s \u00e0 la TVA en France<\/strong> sous leur propre num\u00e9ro ;<\/p>\n<\/li>\n<li data-start=\"3508\" data-end=\"3580\">\n<p data-start=\"3510\" data-end=\"3580\">D\u00e9clarer leurs op\u00e9rations via un <strong data-start=\"3543\" data-end=\"3576\">repr\u00e9sentant fiscal accr\u00e9dit\u00e9<\/strong> ;<\/p>\n<\/li>\n<li data-start=\"3581\" data-end=\"3676\">\n<p data-start=\"3583\" data-end=\"3676\">Adapter leurs proc\u00e9dures internes (d\u00e9clarations en douane, comptabilit\u00e9, flux logistiques).<\/p>\n<\/li>\n<\/ul>\n<p data-start=\"3678\" data-end=\"3766\">Le <strong data-start=\"3681\" data-end=\"3712\">mandataire fiscal permanent<\/strong> ne constitue pas un substitut \u00e0 ce r\u00e9gime supprim\u00e9.<\/p>\n<h4 data-start=\"3768\" data-end=\"3797\">Entreprises concern\u00e9es<\/h4>\n<p data-start=\"3798\" data-end=\"3828\">Sont directement impact\u00e9es :<\/p>\n<ul data-start=\"3829\" data-end=\"4131\">\n<li data-start=\"3829\" data-end=\"3926\">\n<p data-start=\"3831\" data-end=\"3926\">Les soci\u00e9t\u00e9s situ\u00e9es hors UE r\u00e9alisant des <strong data-start=\"3874\" data-end=\"3907\">importations exon\u00e9r\u00e9es de TVA<\/strong> sous r\u00e9gime 42 ;<\/p>\n<\/li>\n<li data-start=\"3927\" data-end=\"4036\">\n<p data-start=\"3929\" data-end=\"4036\">Les op\u00e9rateurs ayant recours \u00e0 un repr\u00e9sentant ponctuel pour <strong data-start=\"3990\" data-end=\"4032\">simplifier la gestion TVA et douani\u00e8re<\/strong> ;<\/p>\n<\/li>\n<li data-start=\"4037\" data-end=\"4131\">\n<p data-start=\"4039\" data-end=\"4131\">Les groupes internationaux dont une partie de la cha\u00eene logistique transite par la France.<\/p>\n<\/li>\n<\/ul>\n<h4 data-start=\"4133\" data-end=\"4157\">Enjeux et risques<\/h4>\n<p data-start=\"4158\" data-end=\"4226\">Ne pas anticiper la fin du dispositif comporte plusieurs risques :<\/p>\n<ul data-start=\"4227\" data-end=\"4421\">\n<li data-start=\"4227\" data-end=\"4290\">\n<p data-start=\"4229\" data-end=\"4290\"><strong data-start=\"4229\" data-end=\"4257\">Blocage des marchandises<\/strong> \u00e0 l\u2019entr\u00e9e sur le territoire ;<\/p>\n<\/li>\n<li data-start=\"4291\" data-end=\"4342\">\n<p data-start=\"4293\" data-end=\"4342\"><strong data-start=\"4293\" data-end=\"4338\">Perte du b\u00e9n\u00e9fice de l\u2019exon\u00e9ration de TVA<\/strong> ;<\/p>\n<\/li>\n<li data-start=\"4343\" data-end=\"4421\">\n<p data-start=\"4345\" data-end=\"4421\"><strong data-start=\"4345\" data-end=\"4387\">Exposition \u00e0 des redressements fiscaux<\/strong> ou amendes pour non-conformit\u00e9.<\/p>\n<\/li>\n<\/ul>\n<h4 data-start=\"4423\" data-end=\"4458\">\u00c9tapes de mise en conformit\u00e9<\/h4>\n<ol data-start=\"4459\" data-end=\"4827\">\n<li data-start=\"4459\" data-end=\"4512\">\n<p data-start=\"4462\" data-end=\"4512\"><strong data-start=\"4462\" data-end=\"4488\">Cartographier les flux<\/strong> soumis au r\u00e9gime 42 ;<\/p>\n<\/li>\n<li data-start=\"4513\" data-end=\"4592\">\n<p data-start=\"4516\" data-end=\"4592\"><strong data-start=\"4516\" data-end=\"4563\">Engager les d\u00e9marches d\u2019immatriculation TVA<\/strong> en France avant fin 2025 ;<\/p>\n<\/li>\n<li data-start=\"4593\" data-end=\"4652\">\n<p data-start=\"4596\" data-end=\"4652\"><strong data-start=\"4596\" data-end=\"4648\">Actualiser les processus douaniers et comptables<\/strong> ;<\/p>\n<\/li>\n<li data-start=\"4653\" data-end=\"4725\">\n<p data-start=\"4656\" data-end=\"4725\"><strong data-start=\"4656\" data-end=\"4672\">Sensibiliser<\/strong> les services internes et partenaires logistiques ;<\/p>\n<\/li>\n<li data-start=\"4726\" data-end=\"4827\">\n<p data-start=\"4729\" data-end=\"4827\"><strong data-start=\"4729\" data-end=\"4752\">V\u00e9rifier les d\u00e9lais<\/strong> aupr\u00e8s des autorit\u00e9s fiscales pour \u00e9viter toute interruption d\u2019activit\u00e9.<\/p>\n<\/li>\n<\/ol>\n<p data-start=\"4829\" data-end=\"5041\">Cette transition repr\u00e9sente un changement structurel pour les op\u00e9rateurs extra-communautaires. Une pr\u00e9paration rigoureuse permettra d\u2019assurer la continuit\u00e9 des \u00e9changes et la conformit\u00e9 des op\u00e9rations d\u00e8s 2026.<\/p>\n<p><\/p>","protected":false},"excerpt":{"rendered":"<p>Le dispositif de repr\u00e9sentation fiscale ponctuelle, pr\u00e9vu par l\u2019article 289 A III du CGI, prendra fin le 31 d\u00e9cembre 2025. \u00c0 partir du 1er janvier 2026, les entreprises non \u00e9tablies dans l\u2019Union europ\u00e9enne ne pourront plus recourir \u00e0 ce m\u00e9canisme pour leurs op\u00e9rations r\u00e9alis\u00e9es sous le r\u00e9gime douanier 42. Cette suppression s\u2019inscrit dans une d\u00e9marche [&hellip;]<\/p>\n","protected":false},"author":6,"featured_media":2990,"comment_status":"closed","ping_status":"closed","sticky":false,"template":"","format":"standard","meta":{"footnotes":""},"categories":[4],"tags":[],"class_list":["post-2988","post","type-post","status-publish","format-standard","has-post-thumbnail","hentry","category-actualites"],"_links":{"self":[{"href":"https:\/\/www.lrf.fr\/fr\/wp-json\/wp\/v2\/posts\/2988","targetHints":{"allow":["GET"]}}],"collection":[{"href":"https:\/\/www.lrf.fr\/fr\/wp-json\/wp\/v2\/posts"}],"about":[{"href":"https:\/\/www.lrf.fr\/fr\/wp-json\/wp\/v2\/types\/post"}],"author":[{"embeddable":true,"href":"https:\/\/www.lrf.fr\/fr\/wp-json\/wp\/v2\/users\/6"}],"replies":[{"embeddable":true,"href":"https:\/\/www.lrf.fr\/fr\/wp-json\/wp\/v2\/comments?post=2988"}],"version-history":[{"count":2,"href":"https:\/\/www.lrf.fr\/fr\/wp-json\/wp\/v2\/posts\/2988\/revisions"}],"predecessor-version":[{"id":2991,"href":"https:\/\/www.lrf.fr\/fr\/wp-json\/wp\/v2\/posts\/2988\/revisions\/2991"}],"wp:featuredmedia":[{"embeddable":true,"href":"https:\/\/www.lrf.fr\/fr\/wp-json\/wp\/v2\/media\/2990"}],"wp:attachment":[{"href":"https:\/\/www.lrf.fr\/fr\/wp-json\/wp\/v2\/media?parent=2988"}],"wp:term":[{"taxonomy":"category","embeddable":true,"href":"https:\/\/www.lrf.fr\/fr\/wp-json\/wp\/v2\/categories?post=2988"},{"taxonomy":"post_tag","embeddable":true,"href":"https:\/\/www.lrf.fr\/fr\/wp-json\/wp\/v2\/tags?post=2988"}],"curies":[{"name":"wp","href":"https:\/\/api.w.org\/{rel}","templated":true}]}}